{"id":1995,"date":"2025-07-18T16:51:04","date_gmt":"2025-07-18T21:51:04","guid":{"rendered":"https:\/\/dev.fundacionwong.org\/?p=1995"},"modified":"2025-09-19T14:48:08","modified_gmt":"2025-09-19T19:48:08","slug":"reybanpac-y-fundacion-wong-comprometidos-con-la-conservacion-de-la-biodiversidad","status":"publish","type":"post","link":"https:\/\/fundacionwong.org\/en\/reybanpac-y-fundacion-wong-comprometidos-con-la-conservacion-de-la-biodiversidad\/","title":{"rendered":"Reybanpac y Fundaci\u00f3n Wong, comprometidos con la conservaci\u00f3n de la biodiversidad"},"content":{"rendered":"<div data-elementor-type=\"wp-post\" data-elementor-id=\"1995\" class=\"elementor elementor-1995\" data-elementor-post-type=\"post\">\n\t\t\t\t<div class=\"elementor-element elementor-element-9cfe4aa e-flex e-con-boxed e-con e-parent\" data-id=\"9cfe4aa\" data-element_type=\"container\">\n\t\t\t\t\t<div class=\"e-con-inner\">\n\t\t\t\t<div class=\"elementor-element elementor-element-2283e89 elementor-post-navigation-borders-yes elementor-widget elementor-widget-post-navigation\" data-id=\"2283e89\" data-element_type=\"widget\" data-widget_type=\"post-navigation.default\">\n\t\t\t\t<div class=\"elementor-widget-container\">\n\t\t\t\t\t\t\t<div class=\"elementor-post-navigation\" role=\"navigation\" aria-label=\"Post Navigation\">\n\t\t\t<div class=\"elementor-post-navigation__prev elementor-post-navigation__link\">\n\t\t\t\t<a href=\"https:\/\/fundacionwong.org\/en\/la-primera-promocion-del-programa-de-asistentes-tecnicos-en-banano-finalizo-con-exito-sus-estudios\/\" rel=\"prev\"><span class=\"post-navigation__arrow-wrapper post-navigation__arrow-prev\"><svg aria-hidden=\"true\" class=\"e-font-icon-svg e-fas-angle-double-left\" viewbox=\"0 0 448 512\" xmlns=\"http:\/\/www.w3.org\/2000\/svg\"><path d=\"M223.7 239l136-136c9.4-9.4 24.6-9.4 33.9 0l22.6 22.6c9.4 9.4 9.4 24.6 0 33.9L319.9 256l96.4 96.4c9.4 9.4 9.4 24.6 0 33.9L393.7 409c-9.4 9.4-24.6 9.4-33.9 0l-136-136c-9.5-9.4-9.5-24.6-.1-34zm-192 34l136 136c9.4 9.4 24.6 9.4 33.9 0l22.6-22.6c9.4-9.4 9.4-24.6 0-33.9L127.9 256l96.4-96.4c9.4-9.4 9.4-24.6 0-33.9L201.7 103c-9.4-9.4-24.6-9.4-33.9 0l-136 136c-9.5 9.4-9.5 24.6-.1 34z\"><\/path><\/svg><span class=\"elementor-screen-only\">Prev<\/span><\/span><span class=\"elementor-post-navigation__link__prev\"><span class=\"post-navigation__prev--label\">NOTICIA ANTERIOR<\/span><span class=\"post-navigation__prev--title\">La primera promoci\u00f3n del programa de Asistentes T\u00e9cnicos en Banano finaliz\u00f3 con \u00e9xito sus estudios<\/span><\/span><\/a>\t\t\t<\/div>\n\t\t\t\t\t\t\t<div class=\"elementor-post-navigation__separator-wrapper\">\n\t\t\t\t\t<div class=\"elementor-post-navigation__separator\"><\/div>\n\t\t\t\t<\/div>\n\t\t\t\t\t\t<div class=\"elementor-post-navigation__next elementor-post-navigation__link\">\n\t\t\t\t<a href=\"https:\/\/fundacionwong.org\/en\/en-la-voz-de-los-cooperantes-testimonio-de-la-fundacion-albert-heijn\/\" rel=\"next\"><span class=\"elementor-post-navigation__link__next\"><span class=\"post-navigation__next--label\">Next<\/span><span class=\"post-navigation__next--title\">En la voz de los cooperantes: Testimonio de la Fundaci\u00f3n Albert Heijn<\/span><\/span><span class=\"post-navigation__arrow-wrapper post-navigation__arrow-next\"><svg aria-hidden=\"true\" class=\"e-font-icon-svg e-fas-angle-double-right\" viewbox=\"0 0 448 512\" xmlns=\"http:\/\/www.w3.org\/2000\/svg\"><path d=\"M224.3 273l-136 136c-9.4 9.4-24.6 9.4-33.9 0l-22.6-22.6c-9.4-9.4-9.4-24.6 0-33.9l96.4-96.4-96.4-96.4c-9.4-9.4-9.4-24.6 0-33.9L54.3 103c9.4-9.4 24.6-9.4 33.9 0l136 136c9.5 9.4 9.5 24.6.1 34zm192-34l-136-136c-9.4-9.4-24.6-9.4-33.9 0l-22.6 22.6c-9.4 9.4-9.4 24.6 0 33.9l96.4 96.4-96.4 96.4c-9.4 9.4-9.4 24.6 0 33.9l22.6 22.6c9.4 9.4 24.6 9.4 33.9 0l136-136c9.4-9.2 9.4-24.4 0-33.8z\"><\/path><\/svg><span class=\"elementor-screen-only\">Next<\/span><\/span><\/a>\t\t\t<\/div>\n\t\t<\/div>\n\t\t\t\t\t\t<\/div>\n\t\t\t\t<\/div>\n\t\t\t\t\t<\/div>\n\t\t\t\t<\/div>\n\t\t\t\t<\/div>","protected":false},"excerpt":{"rendered":"","protected":false},"author":64,"featured_media":4576,"comment_status":"closed","ping_status":"closed","sticky":false,"template":"elementor_theme","format":"standard","meta":{"_acf_changed":false,"footnotes":""},"categories":[37],"tags":[63],"class_list":["post-1995","post","type-post","status-publish","format-standard","has-post-thumbnail","hentry","category-alianzas","tag-alianzas"],"acf":[],"yoast_head":"<!-- This site is optimized with the Yoast SEO plugin v26.6 - https:\/\/yoast.com\/wordpress\/plugins\/seo\/ -->\r\n<title>Reybanpac y Fundaci\u00f3n Wong, comprometidos con la conservaci\u00f3n de la biodiversidad - Fundaci\u00f3n Wong<\/title>\r\n<meta name=\"robots\" content=\"index, follow, max-snippet:-1, max-image-preview:large, max-video-preview:-1\" \/>\r\n<link rel=\"canonical\" href=\"https:\/\/fundacionwong.org\/en\/reybanpac-y-fundacion-wong-comprometidos-con-la-conservacion-de-la-biodiversidad\/\" \/>\r\n<meta property=\"og:locale\" content=\"en_US\" \/>\r\n<meta property=\"og:type\" content=\"article\" \/>\r\n<meta property=\"og:title\" content=\"Reybanpac y Fundaci\u00f3n Wong, comprometidos con la conservaci\u00f3n de la biodiversidad - Fundaci\u00f3n Wong\" \/>\r\n<meta property=\"og:url\" content=\"https:\/\/fundacionwong.org\/en\/reybanpac-y-fundacion-wong-comprometidos-con-la-conservacion-de-la-biodiversidad\/\" \/>\r\n<meta property=\"og:site_name\" content=\"Fundaci\u00f3n Wong\" \/>\r\n<meta property=\"article:publisher\" content=\"https:\/\/www.facebook.com\/fundacion.wong\" \/>\r\n<meta property=\"article:published_time\" content=\"2025-07-18T21:51:04+00:00\" \/>\r\n<meta property=\"article:modified_time\" content=\"2025-09-19T19:48:08+00:00\" \/>\r\n<meta property=\"og:image\" content=\"https:\/\/fundacionwong.org\/wp-content\/uploads\/2025\/05\/9A4nndQLTuXgD7M4ASGg-1.webp\" \/>\r\n\t<meta property=\"og:image:width\" content=\"900\" \/>\r\n\t<meta property=\"og:image:height\" content=\"459\" \/>\r\n\t<meta property=\"og:image:type\" content=\"image\/webp\" \/>\r\n<meta name=\"author\" content=\"Comunicaci\u00f3n\" \/>\r\n<meta name=\"twitter:card\" content=\"summary_large_image\" \/>\r\n<meta name=\"twitter:creator\" content=\"@fundacionwong\" \/>\r\n<meta name=\"twitter:site\" content=\"@fundacionwong\" \/>\r\n<meta name=\"twitter:label1\" content=\"Written by\" \/>\n\t<meta name=\"twitter:data1\" content=\"Comunicaci\u00f3n\" \/>\r\n<script type=\"application\/ld+json\" class=\"yoast-schema-graph\">{\"@context\":\"https:\/\/schema.org\",\"@graph\":[{\"@type\":\"Article\",\"@id\":\"https:\/\/fundacionwong.org\/reybanpac-y-fundacion-wong-comprometidos-con-la-conservacion-de-la-biodiversidad\/#article\",\"isPartOf\":{\"@id\":\"https:\/\/fundacionwong.org\/reybanpac-y-fundacion-wong-comprometidos-con-la-conservacion-de-la-biodiversidad\/\"},\"author\":{\"name\":\"Comunicaci\u00f3n\",\"@id\":\"https:\/\/fundacionwong.org\/#\/schema\/person\/df67e8299dbd358ae04ec3979bb688e3\"},\"headline\":\"Reybanpac y Fundaci\u00f3n Wong, comprometidos con la conservaci\u00f3n de la biodiversidad\",\"datePublished\":\"2025-07-18T21:51:04+00:00\",\"dateModified\":\"2025-09-19T19:48:08+00:00\",\"mainEntityOfPage\":{\"@id\":\"https:\/\/fundacionwong.org\/reybanpac-y-fundacion-wong-comprometidos-con-la-conservacion-de-la-biodiversidad\/\"},\"wordCount\":13,\"publisher\":{\"@id\":\"https:\/\/fundacionwong.org\/#organization\"},\"image\":{\"@id\":\"https:\/\/fundacionwong.org\/reybanpac-y-fundacion-wong-comprometidos-con-la-conservacion-de-la-biodiversidad\/#primaryimage\"},\"thumbnailUrl\":\"https:\/\/fundacionwong.org\/wp-content\/uploads\/2025\/05\/9A4nndQLTuXgD7M4ASGg-1.webp\",\"keywords\":[\"Alianzas\"],\"articleSection\":[\"Alianzas\"],\"inLanguage\":\"en-US\"},{\"@type\":\"WebPage\",\"@id\":\"https:\/\/fundacionwong.org\/reybanpac-y-fundacion-wong-comprometidos-con-la-conservacion-de-la-biodiversidad\/\",\"url\":\"https:\/\/fundacionwong.org\/reybanpac-y-fundacion-wong-comprometidos-con-la-conservacion-de-la-biodiversidad\/\",\"name\":\"Reybanpac y Fundaci\u00f3n Wong, comprometidos con la conservaci\u00f3n de la biodiversidad - Fundaci\u00f3n Wong\",\"isPartOf\":{\"@id\":\"https:\/\/fundacionwong.org\/#website\"},\"primaryImageOfPage\":{\"@id\":\"https:\/\/fundacionwong.org\/reybanpac-y-fundacion-wong-comprometidos-con-la-conservacion-de-la-biodiversidad\/#primaryimage\"},\"image\":{\"@id\":\"https:\/\/fundacionwong.org\/reybanpac-y-fundacion-wong-comprometidos-con-la-conservacion-de-la-biodiversidad\/#primaryimage\"},\"thumbnailUrl\":\"https:\/\/fundacionwong.org\/wp-content\/uploads\/2025\/05\/9A4nndQLTuXgD7M4ASGg-1.webp\",\"datePublished\":\"2025-07-18T21:51:04+00:00\",\"dateModified\":\"2025-09-19T19:48:08+00:00\",\"breadcrumb\":{\"@id\":\"https:\/\/fundacionwong.org\/reybanpac-y-fundacion-wong-comprometidos-con-la-conservacion-de-la-biodiversidad\/#breadcrumb\"},\"inLanguage\":\"en-US\",\"potentialAction\":[{\"@type\":\"ReadAction\",\"target\":[\"https:\/\/fundacionwong.org\/reybanpac-y-fundacion-wong-comprometidos-con-la-conservacion-de-la-biodiversidad\/\"]}]},{\"@type\":\"ImageObject\",\"inLanguage\":\"en-US\",\"@id\":\"https:\/\/fundacionwong.org\/reybanpac-y-fundacion-wong-comprometidos-con-la-conservacion-de-la-biodiversidad\/#primaryimage\",\"url\":\"https:\/\/fundacionwong.org\/wp-content\/uploads\/2025\/05\/9A4nndQLTuXgD7M4ASGg-1.webp\",\"contentUrl\":\"https:\/\/fundacionwong.org\/wp-content\/uploads\/2025\/05\/9A4nndQLTuXgD7M4ASGg-1.webp\",\"width\":900,\"height\":459},{\"@type\":\"BreadcrumbList\",\"@id\":\"https:\/\/fundacionwong.org\/reybanpac-y-fundacion-wong-comprometidos-con-la-conservacion-de-la-biodiversidad\/#breadcrumb\",\"itemListElement\":[{\"@type\":\"ListItem\",\"position\":1,\"name\":\"Portada\",\"item\":\"https:\/\/fundacionwong.org\/\"},{\"@type\":\"ListItem\",\"position\":2,\"name\":\"Reybanpac y Fundaci\u00f3n Wong, comprometidos con la conservaci\u00f3n de la biodiversidad\"}]},{\"@type\":\"WebSite\",\"@id\":\"https:\/\/fundacionwong.org\/#website\",\"url\":\"https:\/\/fundacionwong.org\/\",\"name\":\"Fundaci\u00f3n Wong\",\"description\":\"\",\"publisher\":{\"@id\":\"https:\/\/fundacionwong.org\/#organization\"},\"potentialAction\":[{\"@type\":\"SearchAction\",\"target\":{\"@type\":\"EntryPoint\",\"urlTemplate\":\"https:\/\/fundacionwong.org\/?s={search_term_string}\"},\"query-input\":{\"@type\":\"PropertyValueSpecification\",\"valueRequired\":true,\"valueName\":\"search_term_string\"}}],\"inLanguage\":\"en-US\"},{\"@type\":\"Organization\",\"@id\":\"https:\/\/fundacionwong.org\/#organization\",\"name\":\"Fundaci\u00f3n Wong\",\"url\":\"https:\/\/fundacionwong.org\/\",\"logo\":{\"@type\":\"ImageObject\",\"inLanguage\":\"en-US\",\"@id\":\"https:\/\/fundacionwong.org\/#\/schema\/logo\/image\/\",\"url\":\"https:\/\/fundacionwong.org\/wp-content\/uploads\/2025\/05\/Component-6.png\",\"contentUrl\":\"https:\/\/fundacionwong.org\/wp-content\/uploads\/2025\/05\/Component-6.png\",\"width\":492,\"height\":492,\"caption\":\"Fundaci\u00f3n Wong\"},\"image\":{\"@id\":\"https:\/\/fundacionwong.org\/#\/schema\/logo\/image\/\"},\"sameAs\":[\"https:\/\/www.facebook.com\/fundacion.wong\",\"https:\/\/x.com\/fundacionwong\",\"https:\/\/www.youtube.com\/@fundacionwong\",\"https:\/\/www.linkedin.com\/company\/fundaci-n-wong\/\"]},{\"@type\":\"Person\",\"@id\":\"https:\/\/fundacionwong.org\/#\/schema\/person\/df67e8299dbd358ae04ec3979bb688e3\",\"name\":\"Comunicaci\u00f3n\",\"image\":{\"@type\":\"ImageObject\",\"inLanguage\":\"en-US\",\"@id\":\"https:\/\/fundacionwong.org\/#\/schema\/person\/image\/\",\"url\":\"https:\/\/secure.gravatar.com\/avatar\/db5f1d6b1dce22aca978fc04d6253b971410c83ff32edc6ac2f9d2459e653e34?s=96&d=mm&r=g\",\"contentUrl\":\"https:\/\/secure.gravatar.com\/avatar\/db5f1d6b1dce22aca978fc04d6253b971410c83ff32edc6ac2f9d2459e653e34?s=96&d=mm&r=g\",\"caption\":\"Comunicaci\u00f3n\"},\"url\":\"https:\/\/fundacionwong.org\/en\/author\/comunicacion\/\"}]}<\/script>\r\n<!-- \/ Yoast SEO plugin. -->","yoast_head_json":{"title":"Reybanpac y Fundaci\u00f3n Wong, comprometidos con la conservaci\u00f3n de la biodiversidad - Fundaci\u00f3n Wong","robots":{"index":"index","follow":"follow","max-snippet":"max-snippet:-1","max-image-preview":"max-image-preview:large","max-video-preview":"max-video-preview:-1"},"canonical":"https:\/\/fundacionwong.org\/en\/reybanpac-y-fundacion-wong-comprometidos-con-la-conservacion-de-la-biodiversidad\/","og_locale":"en_US","og_type":"article","og_title":"Reybanpac y Fundaci\u00f3n Wong, comprometidos con la conservaci\u00f3n de la biodiversidad - Fundaci\u00f3n Wong","og_url":"https:\/\/fundacionwong.org\/en\/reybanpac-y-fundacion-wong-comprometidos-con-la-conservacion-de-la-biodiversidad\/","og_site_name":"Fundaci\u00f3n Wong","article_publisher":"https:\/\/www.facebook.com\/fundacion.wong","article_published_time":"2025-07-18T21:51:04+00:00","article_modified_time":"2025-09-19T19:48:08+00:00","og_image":[{"width":900,"height":459,"url":"https:\/\/fundacionwong.org\/wp-content\/uploads\/2025\/05\/9A4nndQLTuXgD7M4ASGg-1.webp","type":"image\/webp"}],"author":"Comunicaci\u00f3n","twitter_card":"summary_large_image","twitter_creator":"@fundacionwong","twitter_site":"@fundacionwong","twitter_misc":{"Written by":"Comunicaci\u00f3n"},"schema":{"@context":"https:\/\/schema.org","@graph":[{"@type":"Article","@id":"https:\/\/fundacionwong.org\/reybanpac-y-fundacion-wong-comprometidos-con-la-conservacion-de-la-biodiversidad\/#article","isPartOf":{"@id":"https:\/\/fundacionwong.org\/reybanpac-y-fundacion-wong-comprometidos-con-la-conservacion-de-la-biodiversidad\/"},"author":{"name":"Comunicaci\u00f3n","@id":"https:\/\/fundacionwong.org\/#\/schema\/person\/df67e8299dbd358ae04ec3979bb688e3"},"headline":"Reybanpac y Fundaci\u00f3n Wong, comprometidos con la conservaci\u00f3n de la biodiversidad","datePublished":"2025-07-18T21:51:04+00:00","dateModified":"2025-09-19T19:48:08+00:00","mainEntityOfPage":{"@id":"https:\/\/fundacionwong.org\/reybanpac-y-fundacion-wong-comprometidos-con-la-conservacion-de-la-biodiversidad\/"},"wordCount":13,"publisher":{"@id":"https:\/\/fundacionwong.org\/#organization"},"image":{"@id":"https:\/\/fundacionwong.org\/reybanpac-y-fundacion-wong-comprometidos-con-la-conservacion-de-la-biodiversidad\/#primaryimage"},"thumbnailUrl":"https:\/\/fundacionwong.org\/wp-content\/uploads\/2025\/05\/9A4nndQLTuXgD7M4ASGg-1.webp","keywords":["Alianzas"],"articleSection":["Alianzas"],"inLanguage":"en-US"},{"@type":"WebPage","@id":"https:\/\/fundacionwong.org\/reybanpac-y-fundacion-wong-comprometidos-con-la-conservacion-de-la-biodiversidad\/","url":"https:\/\/fundacionwong.org\/reybanpac-y-fundacion-wong-comprometidos-con-la-conservacion-de-la-biodiversidad\/","name":"Reybanpac y Fundaci\u00f3n Wong, comprometidos con la conservaci\u00f3n de la biodiversidad - Fundaci\u00f3n Wong","isPartOf":{"@id":"https:\/\/fundacionwong.org\/#website"},"primaryImageOfPage":{"@id":"https:\/\/fundacionwong.org\/reybanpac-y-fundacion-wong-comprometidos-con-la-conservacion-de-la-biodiversidad\/#primaryimage"},"image":{"@id":"https:\/\/fundacionwong.org\/reybanpac-y-fundacion-wong-comprometidos-con-la-conservacion-de-la-biodiversidad\/#primaryimage"},"thumbnailUrl":"https:\/\/fundacionwong.org\/wp-content\/uploads\/2025\/05\/9A4nndQLTuXgD7M4ASGg-1.webp","datePublished":"2025-07-18T21:51:04+00:00","dateModified":"2025-09-19T19:48:08+00:00","breadcrumb":{"@id":"https:\/\/fundacionwong.org\/reybanpac-y-fundacion-wong-comprometidos-con-la-conservacion-de-la-biodiversidad\/#breadcrumb"},"inLanguage":"en-US","potentialAction":[{"@type":"ReadAction","target":["https:\/\/fundacionwong.org\/reybanpac-y-fundacion-wong-comprometidos-con-la-conservacion-de-la-biodiversidad\/"]}]},{"@type":"ImageObject","inLanguage":"en-US","@id":"https:\/\/fundacionwong.org\/reybanpac-y-fundacion-wong-comprometidos-con-la-conservacion-de-la-biodiversidad\/#primaryimage","url":"https:\/\/fundacionwong.org\/wp-content\/uploads\/2025\/05\/9A4nndQLTuXgD7M4ASGg-1.webp","contentUrl":"https:\/\/fundacionwong.org\/wp-content\/uploads\/2025\/05\/9A4nndQLTuXgD7M4ASGg-1.webp","width":900,"height":459},{"@type":"BreadcrumbList","@id":"https:\/\/fundacionwong.org\/reybanpac-y-fundacion-wong-comprometidos-con-la-conservacion-de-la-biodiversidad\/#breadcrumb","itemListElement":[{"@type":"ListItem","position":1,"name":"Portada","item":"https:\/\/fundacionwong.org\/"},{"@type":"ListItem","position":2,"name":"Reybanpac y Fundaci\u00f3n Wong, comprometidos con la conservaci\u00f3n de la biodiversidad"}]},{"@type":"WebSite","@id":"https:\/\/fundacionwong.org\/#website","url":"https:\/\/fundacionwong.org\/","name":"Fundaci\u00f3n Wong","description":"","publisher":{"@id":"https:\/\/fundacionwong.org\/#organization"},"potentialAction":[{"@type":"SearchAction","target":{"@type":"EntryPoint","urlTemplate":"https:\/\/fundacionwong.org\/?s={search_term_string}"},"query-input":{"@type":"PropertyValueSpecification","valueRequired":true,"valueName":"search_term_string"}}],"inLanguage":"en-US"},{"@type":"Organization","@id":"https:\/\/fundacionwong.org\/#organization","name":"Fundaci\u00f3n Wong","url":"https:\/\/fundacionwong.org\/","logo":{"@type":"ImageObject","inLanguage":"en-US","@id":"https:\/\/fundacionwong.org\/#\/schema\/logo\/image\/","url":"https:\/\/fundacionwong.org\/wp-content\/uploads\/2025\/05\/Component-6.png","contentUrl":"https:\/\/fundacionwong.org\/wp-content\/uploads\/2025\/05\/Component-6.png","width":492,"height":492,"caption":"Fundaci\u00f3n Wong"},"image":{"@id":"https:\/\/fundacionwong.org\/#\/schema\/logo\/image\/"},"sameAs":["https:\/\/www.facebook.com\/fundacion.wong","https:\/\/x.com\/fundacionwong","https:\/\/www.youtube.com\/@fundacionwong","https:\/\/www.linkedin.com\/company\/fundaci-n-wong\/"]},{"@type":"Person","@id":"https:\/\/fundacionwong.org\/#\/schema\/person\/df67e8299dbd358ae04ec3979bb688e3","name":"Comunicaci\u00f3n","image":{"@type":"ImageObject","inLanguage":"en-US","@id":"https:\/\/fundacionwong.org\/#\/schema\/person\/image\/","url":"https:\/\/secure.gravatar.com\/avatar\/db5f1d6b1dce22aca978fc04d6253b971410c83ff32edc6ac2f9d2459e653e34?s=96&d=mm&r=g","contentUrl":"https:\/\/secure.gravatar.com\/avatar\/db5f1d6b1dce22aca978fc04d6253b971410c83ff32edc6ac2f9d2459e653e34?s=96&d=mm&r=g","caption":"Comunicaci\u00f3n"},"url":"https:\/\/fundacionwong.org\/en\/author\/comunicacion\/"}]}},"_links":{"self":[{"href":"https:\/\/fundacionwong.org\/en\/wp-json\/wp\/v2\/posts\/1995","targetHints":{"allow":["GET"]}}],"collection":[{"href":"https:\/\/fundacionwong.org\/en\/wp-json\/wp\/v2\/posts"}],"about":[{"href":"https:\/\/fundacionwong.org\/en\/wp-json\/wp\/v2\/types\/post"}],"author":[{"embeddable":true,"href":"https:\/\/fundacionwong.org\/en\/wp-json\/wp\/v2\/users\/64"}],"replies":[{"embeddable":true,"href":"https:\/\/fundacionwong.org\/en\/wp-json\/wp\/v2\/comments?post=1995"}],"version-history":[{"count":60,"href":"https:\/\/fundacionwong.org\/en\/wp-json\/wp\/v2\/posts\/1995\/revisions"}],"predecessor-version":[{"id":4709,"href":"https:\/\/fundacionwong.org\/en\/wp-json\/wp\/v2\/posts\/1995\/revisions\/4709"}],"wp:featuredmedia":[{"embeddable":true,"href":"https:\/\/fundacionwong.org\/en\/wp-json\/wp\/v2\/media\/4576"}],"wp:attachment":[{"href":"https:\/\/fundacionwong.org\/en\/wp-json\/wp\/v2\/media?parent=1995"}],"wp:term":[{"taxonomy":"category","embeddable":true,"href":"https:\/\/fundacionwong.org\/en\/wp-json\/wp\/v2\/categories?post=1995"},{"taxonomy":"post_tag","embeddable":true,"href":"https:\/\/fundacionwong.org\/en\/wp-json\/wp\/v2\/tags?post=1995"}],"curies":[{"name":"wp","href":"https:\/\/api.w.org\/{rel}","templated":true}]}}